{"id":332,"date":"2021-03-22T15:15:42","date_gmt":"2021-03-22T15:15:42","guid":{"rendered":"http:\/\/www.cyril-tardivel-avocat.fr\/wp\/?p=332"},"modified":"2021-03-22T15:15:44","modified_gmt":"2021-03-22T15:15:44","slug":"vols-multiples-et-divers-controle-judiciaire-avant-jugement","status":"publish","type":"post","link":"https:\/\/www.cyril-tardivel-avocat.fr\/wp\/2021\/03\/22\/vols-multiples-et-divers-controle-judiciaire-avant-jugement\/","title":{"rendered":"Vols multiples et divers : contr\u00f4le judiciaire avant jugement"},"content":{"rendered":"\n<p><a href=\"https:\/\/www.ouest-france.fr\/bretagne\/saint-malo-35400\/pres-de-dinan-une-bande-se-retrouve-devant-le-tribunal-apres-une-vague-de-quarante-cambriolages-7193590\">https:\/\/www.ouest-france.fr\/bretagne\/saint-malo-35400\/pres-de-dinan-une-bande-se-retrouve-devant-le-tribunal-apres-une-vague-de-quarante-cambriolages-7193590<\/a><\/p>\n\n\n\n<p><a href=\"https:\/\/www.letelegramme.fr\/cotes-darmor\/dinan\/cambriolages-autour-de-dinan-un-homme-place-en-detention-trois-autres-sous-controle-judiciaire-20-03-2021-12722098.php\">https:\/\/www.letelegramme.fr\/cotes-darmor\/dinan\/cambriolages-autour-de-dinan-un-homme-place-en-detention-trois-autres-sous-controle-judiciaire-20-03-2021-12722098.php<\/a><\/p>\n\n\n\n<p><a href=\"https:\/\/actu.fr\/bretagne\/dinan_22050\/en-deux-mois-ils-ont-realise-plus-de-40-cambriolages-entre-dinan-et-saint-malo_40395184.html\">https:\/\/actu.fr\/bretagne\/dinan_22050\/en-deux-mois-ils-ont-realise-plus-de-40-cambriolages-entre-dinan-et-saint-malo_40395184.html<\/a><\/p>\n","protected":false},"excerpt":{"rendered":"<p>https:\/\/www.ouest-france.fr\/bretagne\/saint-malo-35400\/pres-de-dinan-une-bande-se-retrouve-devant-le-tribunal-apres-une-vague-de-quarante-cambriolages-7193590 https:\/\/www.letelegramme.fr\/cotes-darmor\/dinan\/cambriolages-autour-de-dinan-un-homme-place-en-detention-trois-autres-sous-controle-judiciaire-20-03-2021-12722098.php https:\/\/actu.fr\/bretagne\/dinan_22050\/en-deux-mois-ils-ont-realise-plus-de-40-cambriolages-entre-dinan-et-saint-malo_40395184.html<\/p>\n","protected":false},"author":2,"featured_media":94,"comment_status":"closed","ping_status":"open","sticky":false,"template":"","format":"standard","meta":{"footnotes":""},"categories":[4],"tags":[],"yoast_head":"<!-- This site is optimized with the Yoast SEO plugin v23.5 - https:\/\/yoast.com\/wordpress\/plugins\/seo\/ -->\n<title>Vols multiples et divers : contr\u00f4le judiciaire avant jugement - Ma\u00eetre Cyril Tardivel<\/title>\n<meta name=\"robots\" content=\"index, follow, max-snippet:-1, max-image-preview:large, max-video-preview:-1\" \/>\n<link rel=\"canonical\" href=\"https:\/\/www.cyril-tardivel-avocat.fr\/wp\/2021\/03\/22\/vols-multiples-et-divers-controle-judiciaire-avant-jugement\/\" \/>\n<meta property=\"og:locale\" content=\"fr_FR\" \/>\n<meta property=\"og:type\" content=\"article\" \/>\n<meta property=\"og:title\" content=\"Vols multiples et divers : contr\u00f4le judiciaire avant jugement - Ma\u00eetre Cyril Tardivel\" \/>\n<meta property=\"og:description\" content=\"https:\/\/www.ouest-france.fr\/bretagne\/saint-malo-35400\/pres-de-dinan-une-bande-se-retrouve-devant-le-tribunal-apres-une-vague-de-quarante-cambriolages-7193590 https:\/\/www.letelegramme.fr\/cotes-darmor\/dinan\/cambriolages-autour-de-dinan-un-homme-place-en-detention-trois-autres-sous-controle-judiciaire-20-03-2021-12722098.php https:\/\/actu.fr\/bretagne\/dinan_22050\/en-deux-mois-ils-ont-realise-plus-de-40-cambriolages-entre-dinan-et-saint-malo_40395184.html\" \/>\n<meta property=\"og:url\" content=\"https:\/\/www.cyril-tardivel-avocat.fr\/wp\/2021\/03\/22\/vols-multiples-et-divers-controle-judiciaire-avant-jugement\/\" \/>\n<meta property=\"og:site_name\" content=\"Ma\u00eetre Cyril Tardivel\" \/>\n<meta property=\"article:publisher\" content=\"https:\/\/www.facebook.com\/cyril.tardivel.3\" \/>\n<meta property=\"article:author\" content=\"https:\/\/www.facebook.com\/cyril.tardivel.3\" \/>\n<meta property=\"article:published_time\" content=\"2021-03-22T15:15:42+00:00\" \/>\n<meta property=\"article:modified_time\" content=\"2021-03-22T15:15:44+00:00\" \/>\n<meta property=\"og:image\" content=\"https:\/\/www.cyril-tardivel-avocat.fr\/wp\/wp-content\/uploads\/2019\/01\/justice-scales.jpg\" \/>\n\t<meta property=\"og:image:width\" content=\"570\" \/>\n\t<meta property=\"og:image:height\" content=\"380\" \/>\n\t<meta property=\"og:image:type\" content=\"image\/jpeg\" \/>\n<meta name=\"author\" content=\"Cyril Tardivel\" \/>\n<meta name=\"twitter:card\" content=\"summary_large_image\" \/>\n<meta name=\"twitter:label1\" content=\"\u00c9crit par\" \/>\n\t<meta name=\"twitter:data1\" content=\"Cyril Tardivel\" \/>\n\t<meta name=\"twitter:label2\" content=\"Dur\u00e9e de lecture estim\u00e9e\" \/>\n\t<meta name=\"twitter:data2\" content=\"1 minute\" \/>\n<script type=\"application\/ld+json\" class=\"yoast-schema-graph\">{\"@context\":\"https:\/\/schema.org\",\"@graph\":[{\"@type\":\"Article\",\"@id\":\"https:\/\/www.cyril-tardivel-avocat.fr\/wp\/2021\/03\/22\/vols-multiples-et-divers-controle-judiciaire-avant-jugement\/#article\",\"isPartOf\":{\"@id\":\"https:\/\/www.cyril-tardivel-avocat.fr\/wp\/2021\/03\/22\/vols-multiples-et-divers-controle-judiciaire-avant-jugement\/\"},\"author\":{\"name\":\"Cyril Tardivel\",\"@id\":\"https:\/\/www.cyril-tardivel-avocat.fr\/wp\/#\/schema\/person\/80df1038f319c2209cae2a51b13c0d1c\"},\"headline\":\"Vols multiples et divers : contr\u00f4le judiciaire avant jugement\",\"datePublished\":\"2021-03-22T15:15:42+00:00\",\"dateModified\":\"2021-03-22T15:15:44+00:00\",\"mainEntityOfPage\":{\"@id\":\"https:\/\/www.cyril-tardivel-avocat.fr\/wp\/2021\/03\/22\/vols-multiples-et-divers-controle-judiciaire-avant-jugement\/\"},\"wordCount\":35,\"publisher\":{\"@id\":\"https:\/\/www.cyril-tardivel-avocat.fr\/wp\/#\/schema\/person\/80df1038f319c2209cae2a51b13c0d1c\"},\"image\":{\"@id\":\"https:\/\/www.cyril-tardivel-avocat.fr\/wp\/2021\/03\/22\/vols-multiples-et-divers-controle-judiciaire-avant-jugement\/#primaryimage\"},\"thumbnailUrl\":\"https:\/\/www.cyril-tardivel-avocat.fr\/wp\/wp-content\/uploads\/2019\/01\/justice-scales.jpg\",\"articleSection\":[\"Actualit\u00e9s\"],\"inLanguage\":\"fr-FR\"},{\"@type\":\"WebPage\",\"@id\":\"https:\/\/www.cyril-tardivel-avocat.fr\/wp\/2021\/03\/22\/vols-multiples-et-divers-controle-judiciaire-avant-jugement\/\",\"url\":\"https:\/\/www.cyril-tardivel-avocat.fr\/wp\/2021\/03\/22\/vols-multiples-et-divers-controle-judiciaire-avant-jugement\/\",\"name\":\"Vols multiples et divers : contr\u00f4le judiciaire avant jugement - Ma\u00eetre Cyril Tardivel\",\"isPartOf\":{\"@id\":\"https:\/\/www.cyril-tardivel-avocat.fr\/wp\/#website\"},\"primaryImageOfPage\":{\"@id\":\"https:\/\/www.cyril-tardivel-avocat.fr\/wp\/2021\/03\/22\/vols-multiples-et-divers-controle-judiciaire-avant-jugement\/#primaryimage\"},\"image\":{\"@id\":\"https:\/\/www.cyril-tardivel-avocat.fr\/wp\/2021\/03\/22\/vols-multiples-et-divers-controle-judiciaire-avant-jugement\/#primaryimage\"},\"thumbnailUrl\":\"https:\/\/www.cyril-tardivel-avocat.fr\/wp\/wp-content\/uploads\/2019\/01\/justice-scales.jpg\",\"datePublished\":\"2021-03-22T15:15:42+00:00\",\"dateModified\":\"2021-03-22T15:15:44+00:00\",\"breadcrumb\":{\"@id\":\"https:\/\/www.cyril-tardivel-avocat.fr\/wp\/2021\/03\/22\/vols-multiples-et-divers-controle-judiciaire-avant-jugement\/#breadcrumb\"},\"inLanguage\":\"fr-FR\",\"potentialAction\":[{\"@type\":\"ReadAction\",\"target\":[\"https:\/\/www.cyril-tardivel-avocat.fr\/wp\/2021\/03\/22\/vols-multiples-et-divers-controle-judiciaire-avant-jugement\/\"]}]},{\"@type\":\"ImageObject\",\"inLanguage\":\"fr-FR\",\"@id\":\"https:\/\/www.cyril-tardivel-avocat.fr\/wp\/2021\/03\/22\/vols-multiples-et-divers-controle-judiciaire-avant-jugement\/#primaryimage\",\"url\":\"https:\/\/www.cyril-tardivel-avocat.fr\/wp\/wp-content\/uploads\/2019\/01\/justice-scales.jpg\",\"contentUrl\":\"https:\/\/www.cyril-tardivel-avocat.fr\/wp\/wp-content\/uploads\/2019\/01\/justice-scales.jpg\",\"width\":570,\"height\":380},{\"@type\":\"BreadcrumbList\",\"@id\":\"https:\/\/www.cyril-tardivel-avocat.fr\/wp\/2021\/03\/22\/vols-multiples-et-divers-controle-judiciaire-avant-jugement\/#breadcrumb\",\"itemListElement\":[{\"@type\":\"ListItem\",\"position\":1,\"name\":\"Accueil\",\"item\":\"https:\/\/www.cyril-tardivel-avocat.fr\/wp\/\"},{\"@type\":\"ListItem\",\"position\":2,\"name\":\"Vols multiples et divers : contr\u00f4le judiciaire avant jugement\"}]},{\"@type\":\"WebSite\",\"@id\":\"https:\/\/www.cyril-tardivel-avocat.fr\/wp\/#website\",\"url\":\"https:\/\/www.cyril-tardivel-avocat.fr\/wp\/\",\"name\":\"Ma\u00eetre Cyril Tardivel\",\"description\":\"Avocat au barreau de Saint Malo - Dinan\",\"publisher\":{\"@id\":\"https:\/\/www.cyril-tardivel-avocat.fr\/wp\/#\/schema\/person\/80df1038f319c2209cae2a51b13c0d1c\"},\"potentialAction\":[{\"@type\":\"SearchAction\",\"target\":{\"@type\":\"EntryPoint\",\"urlTemplate\":\"https:\/\/www.cyril-tardivel-avocat.fr\/wp\/?s={search_term_string}\"},\"query-input\":{\"@type\":\"PropertyValueSpecification\",\"valueRequired\":true,\"valueName\":\"search_term_string\"}}],\"inLanguage\":\"fr-FR\"},{\"@type\":[\"Person\",\"Organization\"],\"@id\":\"https:\/\/www.cyril-tardivel-avocat.fr\/wp\/#\/schema\/person\/80df1038f319c2209cae2a51b13c0d1c\",\"name\":\"Cyril Tardivel\",\"image\":{\"@type\":\"ImageObject\",\"inLanguage\":\"fr-FR\",\"@id\":\"https:\/\/www.cyril-tardivel-avocat.fr\/wp\/#\/schema\/person\/image\/\",\"url\":\"https:\/\/www.cyril-tardivel-avocat.fr\/wp\/wp-content\/uploads\/2019\/01\/pics02.png\",\"contentUrl\":\"https:\/\/www.cyril-tardivel-avocat.fr\/wp\/wp-content\/uploads\/2019\/01\/pics02.png\",\"width\":600,\"height\":858,\"caption\":\"Cyril Tardivel\"},\"logo\":{\"@id\":\"https:\/\/www.cyril-tardivel-avocat.fr\/wp\/#\/schema\/person\/image\/\"},\"sameAs\":[\"http:\/\/cyril-tardivel-avocat.fr\",\"https:\/\/www.facebook.com\/cyril.tardivel.3\",\"https:\/\/www.linkedin.com\/in\/cyril-tardivel-ab25aa97\/\"],\"url\":\"https:\/\/www.cyril-tardivel-avocat.fr\/wp\/author\/cyril\/\"}]}<\/script>\n<!-- \/ Yoast SEO plugin. -->","yoast_head_json":{"title":"Vols multiples et divers : contr\u00f4le judiciaire avant jugement - Ma\u00eetre Cyril Tardivel","robots":{"index":"index","follow":"follow","max-snippet":"max-snippet:-1","max-image-preview":"max-image-preview:large","max-video-preview":"max-video-preview:-1"},"canonical":"https:\/\/www.cyril-tardivel-avocat.fr\/wp\/2021\/03\/22\/vols-multiples-et-divers-controle-judiciaire-avant-jugement\/","og_locale":"fr_FR","og_type":"article","og_title":"Vols multiples et divers : contr\u00f4le judiciaire avant jugement - Ma\u00eetre Cyril Tardivel","og_description":"https:\/\/www.ouest-france.fr\/bretagne\/saint-malo-35400\/pres-de-dinan-une-bande-se-retrouve-devant-le-tribunal-apres-une-vague-de-quarante-cambriolages-7193590 https:\/\/www.letelegramme.fr\/cotes-darmor\/dinan\/cambriolages-autour-de-dinan-un-homme-place-en-detention-trois-autres-sous-controle-judiciaire-20-03-2021-12722098.php https:\/\/actu.fr\/bretagne\/dinan_22050\/en-deux-mois-ils-ont-realise-plus-de-40-cambriolages-entre-dinan-et-saint-malo_40395184.html","og_url":"https:\/\/www.cyril-tardivel-avocat.fr\/wp\/2021\/03\/22\/vols-multiples-et-divers-controle-judiciaire-avant-jugement\/","og_site_name":"Ma\u00eetre Cyril Tardivel","article_publisher":"https:\/\/www.facebook.com\/cyril.tardivel.3","article_author":"https:\/\/www.facebook.com\/cyril.tardivel.3","article_published_time":"2021-03-22T15:15:42+00:00","article_modified_time":"2021-03-22T15:15:44+00:00","og_image":[{"width":570,"height":380,"url":"https:\/\/www.cyril-tardivel-avocat.fr\/wp\/wp-content\/uploads\/2019\/01\/justice-scales.jpg","type":"image\/jpeg"}],"author":"Cyril Tardivel","twitter_card":"summary_large_image","twitter_misc":{"\u00c9crit par":"Cyril Tardivel","Dur\u00e9e de lecture estim\u00e9e":"1 minute"},"schema":{"@context":"https:\/\/schema.org","@graph":[{"@type":"Article","@id":"https:\/\/www.cyril-tardivel-avocat.fr\/wp\/2021\/03\/22\/vols-multiples-et-divers-controle-judiciaire-avant-jugement\/#article","isPartOf":{"@id":"https:\/\/www.cyril-tardivel-avocat.fr\/wp\/2021\/03\/22\/vols-multiples-et-divers-controle-judiciaire-avant-jugement\/"},"author":{"name":"Cyril Tardivel","@id":"https:\/\/www.cyril-tardivel-avocat.fr\/wp\/#\/schema\/person\/80df1038f319c2209cae2a51b13c0d1c"},"headline":"Vols multiples et divers : contr\u00f4le judiciaire avant jugement","datePublished":"2021-03-22T15:15:42+00:00","dateModified":"2021-03-22T15:15:44+00:00","mainEntityOfPage":{"@id":"https:\/\/www.cyril-tardivel-avocat.fr\/wp\/2021\/03\/22\/vols-multiples-et-divers-controle-judiciaire-avant-jugement\/"},"wordCount":35,"publisher":{"@id":"https:\/\/www.cyril-tardivel-avocat.fr\/wp\/#\/schema\/person\/80df1038f319c2209cae2a51b13c0d1c"},"image":{"@id":"https:\/\/www.cyril-tardivel-avocat.fr\/wp\/2021\/03\/22\/vols-multiples-et-divers-controle-judiciaire-avant-jugement\/#primaryimage"},"thumbnailUrl":"https:\/\/www.cyril-tardivel-avocat.fr\/wp\/wp-content\/uploads\/2019\/01\/justice-scales.jpg","articleSection":["Actualit\u00e9s"],"inLanguage":"fr-FR"},{"@type":"WebPage","@id":"https:\/\/www.cyril-tardivel-avocat.fr\/wp\/2021\/03\/22\/vols-multiples-et-divers-controle-judiciaire-avant-jugement\/","url":"https:\/\/www.cyril-tardivel-avocat.fr\/wp\/2021\/03\/22\/vols-multiples-et-divers-controle-judiciaire-avant-jugement\/","name":"Vols multiples et divers : contr\u00f4le judiciaire avant jugement - Ma\u00eetre Cyril Tardivel","isPartOf":{"@id":"https:\/\/www.cyril-tardivel-avocat.fr\/wp\/#website"},"primaryImageOfPage":{"@id":"https:\/\/www.cyril-tardivel-avocat.fr\/wp\/2021\/03\/22\/vols-multiples-et-divers-controle-judiciaire-avant-jugement\/#primaryimage"},"image":{"@id":"https:\/\/www.cyril-tardivel-avocat.fr\/wp\/2021\/03\/22\/vols-multiples-et-divers-controle-judiciaire-avant-jugement\/#primaryimage"},"thumbnailUrl":"https:\/\/www.cyril-tardivel-avocat.fr\/wp\/wp-content\/uploads\/2019\/01\/justice-scales.jpg","datePublished":"2021-03-22T15:15:42+00:00","dateModified":"2021-03-22T15:15:44+00:00","breadcrumb":{"@id":"https:\/\/www.cyril-tardivel-avocat.fr\/wp\/2021\/03\/22\/vols-multiples-et-divers-controle-judiciaire-avant-jugement\/#breadcrumb"},"inLanguage":"fr-FR","potentialAction":[{"@type":"ReadAction","target":["https:\/\/www.cyril-tardivel-avocat.fr\/wp\/2021\/03\/22\/vols-multiples-et-divers-controle-judiciaire-avant-jugement\/"]}]},{"@type":"ImageObject","inLanguage":"fr-FR","@id":"https:\/\/www.cyril-tardivel-avocat.fr\/wp\/2021\/03\/22\/vols-multiples-et-divers-controle-judiciaire-avant-jugement\/#primaryimage","url":"https:\/\/www.cyril-tardivel-avocat.fr\/wp\/wp-content\/uploads\/2019\/01\/justice-scales.jpg","contentUrl":"https:\/\/www.cyril-tardivel-avocat.fr\/wp\/wp-content\/uploads\/2019\/01\/justice-scales.jpg","width":570,"height":380},{"@type":"BreadcrumbList","@id":"https:\/\/www.cyril-tardivel-avocat.fr\/wp\/2021\/03\/22\/vols-multiples-et-divers-controle-judiciaire-avant-jugement\/#breadcrumb","itemListElement":[{"@type":"ListItem","position":1,"name":"Accueil","item":"https:\/\/www.cyril-tardivel-avocat.fr\/wp\/"},{"@type":"ListItem","position":2,"name":"Vols multiples et divers : contr\u00f4le judiciaire avant jugement"}]},{"@type":"WebSite","@id":"https:\/\/www.cyril-tardivel-avocat.fr\/wp\/#website","url":"https:\/\/www.cyril-tardivel-avocat.fr\/wp\/","name":"Ma\u00eetre Cyril Tardivel","description":"Avocat au barreau de Saint Malo - Dinan","publisher":{"@id":"https:\/\/www.cyril-tardivel-avocat.fr\/wp\/#\/schema\/person\/80df1038f319c2209cae2a51b13c0d1c"},"potentialAction":[{"@type":"SearchAction","target":{"@type":"EntryPoint","urlTemplate":"https:\/\/www.cyril-tardivel-avocat.fr\/wp\/?s={search_term_string}"},"query-input":{"@type":"PropertyValueSpecification","valueRequired":true,"valueName":"search_term_string"}}],"inLanguage":"fr-FR"},{"@type":["Person","Organization"],"@id":"https:\/\/www.cyril-tardivel-avocat.fr\/wp\/#\/schema\/person\/80df1038f319c2209cae2a51b13c0d1c","name":"Cyril Tardivel","image":{"@type":"ImageObject","inLanguage":"fr-FR","@id":"https:\/\/www.cyril-tardivel-avocat.fr\/wp\/#\/schema\/person\/image\/","url":"https:\/\/www.cyril-tardivel-avocat.fr\/wp\/wp-content\/uploads\/2019\/01\/pics02.png","contentUrl":"https:\/\/www.cyril-tardivel-avocat.fr\/wp\/wp-content\/uploads\/2019\/01\/pics02.png","width":600,"height":858,"caption":"Cyril Tardivel"},"logo":{"@id":"https:\/\/www.cyril-tardivel-avocat.fr\/wp\/#\/schema\/person\/image\/"},"sameAs":["http:\/\/cyril-tardivel-avocat.fr","https:\/\/www.facebook.com\/cyril.tardivel.3","https:\/\/www.linkedin.com\/in\/cyril-tardivel-ab25aa97\/"],"url":"https:\/\/www.cyril-tardivel-avocat.fr\/wp\/author\/cyril\/"}]}},"_links":{"self":[{"href":"https:\/\/www.cyril-tardivel-avocat.fr\/wp\/wp-json\/wp\/v2\/posts\/332"}],"collection":[{"href":"https:\/\/www.cyril-tardivel-avocat.fr\/wp\/wp-json\/wp\/v2\/posts"}],"about":[{"href":"https:\/\/www.cyril-tardivel-avocat.fr\/wp\/wp-json\/wp\/v2\/types\/post"}],"author":[{"embeddable":true,"href":"https:\/\/www.cyril-tardivel-avocat.fr\/wp\/wp-json\/wp\/v2\/users\/2"}],"replies":[{"embeddable":true,"href":"https:\/\/www.cyril-tardivel-avocat.fr\/wp\/wp-json\/wp\/v2\/comments?post=332"}],"version-history":[{"count":1,"href":"https:\/\/www.cyril-tardivel-avocat.fr\/wp\/wp-json\/wp\/v2\/posts\/332\/revisions"}],"predecessor-version":[{"id":333,"href":"https:\/\/www.cyril-tardivel-avocat.fr\/wp\/wp-json\/wp\/v2\/posts\/332\/revisions\/333"}],"wp:featuredmedia":[{"embeddable":true,"href":"https:\/\/www.cyril-tardivel-avocat.fr\/wp\/wp-json\/wp\/v2\/media\/94"}],"wp:attachment":[{"href":"https:\/\/www.cyril-tardivel-avocat.fr\/wp\/wp-json\/wp\/v2\/media?parent=332"}],"wp:term":[{"taxonomy":"category","embeddable":true,"href":"https:\/\/www.cyril-tardivel-avocat.fr\/wp\/wp-json\/wp\/v2\/categories?post=332"},{"taxonomy":"post_tag","embeddable":true,"href":"https:\/\/www.cyril-tardivel-avocat.fr\/wp\/wp-json\/wp\/v2\/tags?post=332"}],"curies":[{"name":"wp","href":"https:\/\/api.w.org\/{rel}","templated":true}]}}